{"id":3660,"date":"2024-06-26T15:56:01","date_gmt":"2024-06-26T18:56:01","guid":{"rendered":"https:\/\/www.grapho.com.br\/site\/?p=3660"},"modified":"2024-06-26T15:56:01","modified_gmt":"2024-06-26T18:56:01","slug":"summit-cidades-2024-grupo-grapho-participa-do-summit-cidades-pelo-2o-ano-consecutivo","status":"publish","type":"post","link":"https:\/\/www.grapho.com.br\/site\/noticia\/summit-cidades-2024-grupo-grapho-participa-do-summit-cidades-pelo-2o-ano-consecutivo\/","title":{"rendered":"SUMMIT CIDADES 2024 &#8211; Grupo GRAPHO participa do Summit Cidades pelo 2\u00ba Ano Consecutivo"},"content":{"rendered":"<p><strong>Florian\u00f3polis, 26 de junho de 2024<\/strong> \u2014 Pelo segundo ano consecutivo, a Virtual Automa\u00e7\u00e3o, empresa do Grupo GRAPHO, est\u00e1 marcando presen\u00e7a no Summit Cidades. O evento, que come\u00e7ou na segunda-feira, 24 de junho, est\u00e1 sendo realizado na cidade de Florian\u00f3polis, SC.<\/p>\n<p>Durante o Summit Cidades, nossa equipe t\u00e9cnica e comercial se uniu ao time da Autodesk para apresentar as mais recentes inova\u00e7\u00f5es em tecnologia voltadas para solu\u00e7\u00f5es de BIM, CAD, realidade virtual e manufatura aditiva, destacando as impressoras 3D da 3D Taurus.<\/p>\n<p>&nbsp;<\/p>\n<p><img loading=\"lazy\" class=\"wp-image-3661 size-medium alignleft\" src=\"https:\/\/www.grapho.com.br\/site\/wp-content\/uploads\/2024\/06\/WhatsApp-Image-2024-06-26-at-11.27.17-226x300.jpeg\" alt=\"\" width=\"226\" height=\"300\" srcset=\"https:\/\/www.grapho.com.br\/site\/wp-content\/uploads\/2024\/06\/WhatsApp-Image-2024-06-26-at-11.27.17-226x300.jpeg 226w, https:\/\/www.grapho.com.br\/site\/wp-content\/uploads\/2024\/06\/WhatsApp-Image-2024-06-26-at-11.27.17-771x1024.jpeg 771w, https:\/\/www.grapho.com.br\/site\/wp-content\/uploads\/2024\/06\/WhatsApp-Image-2024-06-26-at-11.27.17-768x1021.jpeg 768w, https:\/\/www.grapho.com.br\/site\/wp-content\/uploads\/2024\/06\/WhatsApp-Image-2024-06-26-at-11.27.17-1156x1536.jpeg 1156w, https:\/\/www.grapho.com.br\/site\/wp-content\/uploads\/2024\/06\/WhatsApp-Image-2024-06-26-at-11.27.17-720x957.jpeg 720w, https:\/\/www.grapho.com.br\/site\/wp-content\/uploads\/2024\/06\/WhatsApp-Image-2024-06-26-at-11.27.17-600x797.jpeg 600w, https:\/\/www.grapho.com.br\/site\/wp-content\/uploads\/2024\/06\/WhatsApp-Image-2024-06-26-at-11.27.17.jpeg 1204w\" sizes=\"(max-width: 226px) 100vw, 226px\" \/><\/p>\n<p>Nosso estande atraiu milhares de visitantes, tanto de empresas p\u00fablicas quanto privadas. Entre os visitantes ilustres, tivemos a honra de receber o prefeito de Bigua\u00e7u, SC, Sr. Salmir da Silva.<\/p>\n<p>O Grupo GRAPHO se orgulha de participar novamente deste evento de grande import\u00e2ncia, contribuindo para o avan\u00e7o e a dissemina\u00e7\u00e3o de tecnologias inovadoras no Brasil.<\/p>\n<p>&nbsp;<\/p>\n<p>&nbsp;<\/p>\n<p>&nbsp;<\/p>\n<p>&nbsp;<\/p>\n<p>(Elisangela Souza, Ana Carolina Neto, Mateus Ribeiro, Pref. Bigua\u00e7u Salmir da Silva e Gabriel Dantas)<\/p>\n","protected":false},"excerpt":{"rendered":"<p>Florian\u00f3polis, 26 de junho de 2024 \u2014 Pelo segundo ano consecutivo, a Virtual Automa\u00e7\u00e3o, empresa do Grupo GRAPHO, est\u00e1 marcando presen\u00e7a no Summit Cidades. O evento, que come\u00e7ou na segunda-feira, 24 de junho, est\u00e1 sendo realizado na cidade de Florian\u00f3polis, SC. Durante o Summit Cidades, nossa equipe t\u00e9cnica e comercial se uniu ao time da [&hellip;]<\/p>\n","protected":false},"author":2,"featured_media":0,"comment_status":"closed","ping_status":"closed","sticky":false,"template":"","format":"standard","meta":[],"categories":[9],"tags":[],"yoast_head":"<!-- This site is optimized with the Yoast SEO plugin v16.3 - https:\/\/yoast.com\/wordpress\/plugins\/seo\/ -->\n<title>SUMMIT CIDADES 2024 - Grupo GRAPHO participa do Summit Cidades pelo 2\u00ba Ano Consecutivo - GRAPHO<\/title>\n<meta name=\"robots\" content=\"index, follow, max-snippet:-1, max-image-preview:large, max-video-preview:-1\" \/>\n<link rel=\"canonical\" href=\"https:\/\/www.grapho.com.br\/site\/noticia\/summit-cidades-2024-grupo-grapho-participa-do-summit-cidades-pelo-2o-ano-consecutivo\/\" \/>\n<meta property=\"og:locale\" content=\"pt_BR\" \/>\n<meta property=\"og:type\" content=\"article\" \/>\n<meta property=\"og:title\" content=\"SUMMIT CIDADES 2024 - Grupo GRAPHO participa do Summit Cidades pelo 2\u00ba Ano Consecutivo - GRAPHO\" \/>\n<meta property=\"og:description\" content=\"Florian\u00f3polis, 26 de junho de 2024 \u2014 Pelo segundo ano consecutivo, a Virtual Automa\u00e7\u00e3o, empresa do Grupo GRAPHO, est\u00e1 marcando presen\u00e7a no Summit Cidades. O evento, que come\u00e7ou na segunda-feira, 24 de junho, est\u00e1 sendo realizado na cidade de Florian\u00f3polis, SC. Durante o Summit Cidades, nossa equipe t\u00e9cnica e comercial se uniu ao time da [&hellip;]\" \/>\n<meta property=\"og:url\" content=\"https:\/\/www.grapho.com.br\/site\/noticia\/summit-cidades-2024-grupo-grapho-participa-do-summit-cidades-pelo-2o-ano-consecutivo\/\" \/>\n<meta property=\"og:site_name\" content=\"GRAPHO\" \/>\n<meta property=\"article:published_time\" content=\"2024-06-26T18:56:01+00:00\" \/>\n<meta property=\"og:image\" content=\"https:\/\/www.grapho.com.br\/site\/wp-content\/uploads\/2024\/06\/WhatsApp-Image-2024-06-26-at-11.27.17-226x300.jpeg\" \/>\n<meta name=\"twitter:card\" content=\"summary_large_image\" \/>\n<meta name=\"twitter:label1\" content=\"Est. tempo de leitura\">\n\t<meta name=\"twitter:data1\" content=\"1 minuto\">\n<script type=\"application\/ld+json\" class=\"yoast-schema-graph\">{\"@context\":\"https:\/\/schema.org\",\"@graph\":[{\"@type\":\"WebSite\",\"@id\":\"https:\/\/www.grapho.com.br\/site\/#website\",\"url\":\"https:\/\/www.grapho.com.br\/site\/\",\"name\":\"GRAPHO\",\"description\":\"Softwares Autodesk\",\"potentialAction\":[{\"@type\":\"SearchAction\",\"target\":\"https:\/\/www.grapho.com.br\/site\/?s={search_term_string}\",\"query-input\":\"required name=search_term_string\"}],\"inLanguage\":\"pt-BR\"},{\"@type\":\"ImageObject\",\"@id\":\"https:\/\/www.grapho.com.br\/site\/noticia\/summit-cidades-2024-grupo-grapho-participa-do-summit-cidades-pelo-2o-ano-consecutivo\/#primaryimage\",\"inLanguage\":\"pt-BR\",\"url\":\"https:\/\/www.grapho.com.br\/site\/wp-content\/uploads\/2024\/06\/WhatsApp-Image-2024-06-26-at-11.27.17.jpeg\",\"contentUrl\":\"https:\/\/www.grapho.com.br\/site\/wp-content\/uploads\/2024\/06\/WhatsApp-Image-2024-06-26-at-11.27.17.jpeg\",\"width\":1204,\"height\":1600},{\"@type\":\"WebPage\",\"@id\":\"https:\/\/www.grapho.com.br\/site\/noticia\/summit-cidades-2024-grupo-grapho-participa-do-summit-cidades-pelo-2o-ano-consecutivo\/#webpage\",\"url\":\"https:\/\/www.grapho.com.br\/site\/noticia\/summit-cidades-2024-grupo-grapho-participa-do-summit-cidades-pelo-2o-ano-consecutivo\/\",\"name\":\"SUMMIT CIDADES 2024 - Grupo GRAPHO participa do Summit Cidades pelo 2\\u00ba Ano Consecutivo - GRAPHO\",\"isPartOf\":{\"@id\":\"https:\/\/www.grapho.com.br\/site\/#website\"},\"primaryImageOfPage\":{\"@id\":\"https:\/\/www.grapho.com.br\/site\/noticia\/summit-cidades-2024-grupo-grapho-participa-do-summit-cidades-pelo-2o-ano-consecutivo\/#primaryimage\"},\"datePublished\":\"2024-06-26T18:56:01+00:00\",\"dateModified\":\"2024-06-26T18:56:01+00:00\",\"author\":{\"@id\":\"https:\/\/www.grapho.com.br\/site\/#\/schema\/person\/0c05b171ca67db866bd20c2fe3dd8a31\"},\"breadcrumb\":{\"@id\":\"https:\/\/www.grapho.com.br\/site\/noticia\/summit-cidades-2024-grupo-grapho-participa-do-summit-cidades-pelo-2o-ano-consecutivo\/#breadcrumb\"},\"inLanguage\":\"pt-BR\",\"potentialAction\":[{\"@type\":\"ReadAction\",\"target\":[\"https:\/\/www.grapho.com.br\/site\/noticia\/summit-cidades-2024-grupo-grapho-participa-do-summit-cidades-pelo-2o-ano-consecutivo\/\"]}]},{\"@type\":\"BreadcrumbList\",\"@id\":\"https:\/\/www.grapho.com.br\/site\/noticia\/summit-cidades-2024-grupo-grapho-participa-do-summit-cidades-pelo-2o-ano-consecutivo\/#breadcrumb\",\"itemListElement\":[{\"@type\":\"ListItem\",\"position\":1,\"item\":{\"@type\":\"WebPage\",\"@id\":\"https:\/\/www.grapho.com.br\/site\/\",\"url\":\"https:\/\/www.grapho.com.br\/site\/\",\"name\":\"In\\u00edcio\"}},{\"@type\":\"ListItem\",\"position\":2,\"item\":{\"@id\":\"https:\/\/www.grapho.com.br\/site\/noticia\/summit-cidades-2024-grupo-grapho-participa-do-summit-cidades-pelo-2o-ano-consecutivo\/#webpage\"}}]},{\"@type\":\"Person\",\"@id\":\"https:\/\/www.grapho.com.br\/site\/#\/schema\/person\/0c05b171ca67db866bd20c2fe3dd8a31\",\"name\":\"grapho\",\"image\":{\"@type\":\"ImageObject\",\"@id\":\"https:\/\/www.grapho.com.br\/site\/#personlogo\",\"inLanguage\":\"pt-BR\",\"url\":\"https:\/\/secure.gravatar.com\/avatar\/d83f149f7d889c40c9e0773e96c2801a?s=96&d=mm&r=g\",\"contentUrl\":\"https:\/\/secure.gravatar.com\/avatar\/d83f149f7d889c40c9e0773e96c2801a?s=96&d=mm&r=g\",\"caption\":\"grapho\"},\"url\":\"https:\/\/www.grapho.com.br\/site\/noticia\/author\/grapho\/\"}]}<\/script>\n<!-- \/ Yoast SEO plugin. -->","_links":{"self":[{"href":"https:\/\/www.grapho.com.br\/site\/wp-json\/wp\/v2\/posts\/3660"}],"collection":[{"href":"https:\/\/www.grapho.com.br\/site\/wp-json\/wp\/v2\/posts"}],"about":[{"href":"https:\/\/www.grapho.com.br\/site\/wp-json\/wp\/v2\/types\/post"}],"author":[{"embeddable":true,"href":"https:\/\/www.grapho.com.br\/site\/wp-json\/wp\/v2\/users\/2"}],"replies":[{"embeddable":true,"href":"https:\/\/www.grapho.com.br\/site\/wp-json\/wp\/v2\/comments?post=3660"}],"version-history":[{"count":2,"href":"https:\/\/www.grapho.com.br\/site\/wp-json\/wp\/v2\/posts\/3660\/revisions"}],"predecessor-version":[{"id":3663,"href":"https:\/\/www.grapho.com.br\/site\/wp-json\/wp\/v2\/posts\/3660\/revisions\/3663"}],"wp:attachment":[{"href":"https:\/\/www.grapho.com.br\/site\/wp-json\/wp\/v2\/media?parent=3660"}],"wp:term":[{"taxonomy":"category","embeddable":true,"href":"https:\/\/www.grapho.com.br\/site\/wp-json\/wp\/v2\/categories?post=3660"},{"taxonomy":"post_tag","embeddable":true,"href":"https:\/\/www.grapho.com.br\/site\/wp-json\/wp\/v2\/tags?post=3660"}],"curies":[{"name":"wp","href":"https:\/\/api.w.org\/{rel}","templated":true}]}}