{"id":3533,"date":"2022-07-29T16:50:38","date_gmt":"2022-07-29T19:50:38","guid":{"rendered":"https:\/\/www.grapho.com.br\/site\/?p=3533"},"modified":"2022-07-29T16:50:38","modified_gmt":"2022-07-29T19:50:38","slug":"estaremos-presente-na-23a-construsul","status":"publish","type":"post","link":"https:\/\/www.grapho.com.br\/site\/noticia\/estaremos-presente-na-23a-construsul\/","title":{"rendered":"Estaremos presente na 23\u00aa Construsul"},"content":{"rendered":"<p>Este ano o Grupo GRAPHO marcar\u00e1 sua presen\u00e7a na 23\u00aa Edi\u00e7\u00e3o da Construsul, a maior feira da constru\u00e7\u00e3o civil.<\/p>\n<p>Esta edi\u00e7\u00e3o ser\u00e1 muito especial, pois al\u00e9m das solu\u00e7\u00f5es Autodesk, no qual somos parceiros h\u00e1 mais de 36 anos, estaremos apresentando duas grandes novidades: as impressoras 3D da Taurus e as solu\u00e7\u00f5es de or\u00e7amenta\u00e7\u00e3o da Or\u00e7aFascio Prime.<\/p>\n<p>Venha nos visitar e ficar pro dentro das novidades. Estaremos localizados no Pavilh\u00e3o 2, rua Q esquina com a rua L.<\/p>\n<p>O evento acontece de 02 a 05 de agosto das 13h \u00e0s 21h.<\/p>\n<p><img loading=\"lazy\" class=\"wp-image-3534  aligncenter\" src=\"https:\/\/www.grapho.com.br\/site\/wp-content\/uploads\/2022\/07\/convite-construsul-1024x580.jpg\" alt=\"\" width=\"846\" height=\"479\" srcset=\"https:\/\/www.grapho.com.br\/site\/wp-content\/uploads\/2022\/07\/convite-construsul-1024x580.jpg 1024w, https:\/\/www.grapho.com.br\/site\/wp-content\/uploads\/2022\/07\/convite-construsul-300x170.jpg 300w, https:\/\/www.grapho.com.br\/site\/wp-content\/uploads\/2022\/07\/convite-construsul-768x435.jpg 768w, https:\/\/www.grapho.com.br\/site\/wp-content\/uploads\/2022\/07\/convite-construsul-1536x870.jpg 1536w, https:\/\/www.grapho.com.br\/site\/wp-content\/uploads\/2022\/07\/convite-construsul-2048x1160.jpg 2048w, https:\/\/www.grapho.com.br\/site\/wp-content\/uploads\/2022\/07\/convite-construsul-720x408.jpg 720w, https:\/\/www.grapho.com.br\/site\/wp-content\/uploads\/2022\/07\/convite-construsul-600x340.jpg 600w\" sizes=\"(max-width: 846px) 100vw, 846px\" \/> Link para inscri\u00e7\u00e3o:\u00a0 https:\/\/feiraconstrusul.schenautomacao.com.br\/<\/p>\n","protected":false},"excerpt":{"rendered":"<p>Este ano o Grupo GRAPHO marcar\u00e1 sua presen\u00e7a na 23\u00aa Edi\u00e7\u00e3o da Construsul, a maior feira da constru\u00e7\u00e3o civil. Esta edi\u00e7\u00e3o ser\u00e1 muito especial, pois al\u00e9m das solu\u00e7\u00f5es Autodesk, no qual somos parceiros h\u00e1 mais de 36 anos, estaremos apresentando duas grandes novidades: as impressoras 3D da Taurus e as solu\u00e7\u00f5es de or\u00e7amenta\u00e7\u00e3o da Or\u00e7aFascio [&hellip;]<\/p>\n","protected":false},"author":2,"featured_media":0,"comment_status":"closed","ping_status":"closed","sticky":false,"template":"","format":"standard","meta":[],"categories":[9],"tags":[],"yoast_head":"<!-- This site is optimized with the Yoast SEO plugin v16.3 - https:\/\/yoast.com\/wordpress\/plugins\/seo\/ -->\n<title>Estaremos presente na 23\u00aa Construsul - GRAPHO<\/title>\n<meta name=\"robots\" content=\"index, follow, max-snippet:-1, max-image-preview:large, max-video-preview:-1\" \/>\n<link rel=\"canonical\" href=\"https:\/\/www.grapho.com.br\/site\/noticia\/estaremos-presente-na-23a-construsul\/\" \/>\n<meta property=\"og:locale\" content=\"pt_BR\" \/>\n<meta property=\"og:type\" content=\"article\" \/>\n<meta property=\"og:title\" content=\"Estaremos presente na 23\u00aa Construsul - GRAPHO\" \/>\n<meta property=\"og:description\" content=\"Este ano o Grupo GRAPHO marcar\u00e1 sua presen\u00e7a na 23\u00aa Edi\u00e7\u00e3o da Construsul, a maior feira da constru\u00e7\u00e3o civil. Esta edi\u00e7\u00e3o ser\u00e1 muito especial, pois al\u00e9m das solu\u00e7\u00f5es Autodesk, no qual somos parceiros h\u00e1 mais de 36 anos, estaremos apresentando duas grandes novidades: as impressoras 3D da Taurus e as solu\u00e7\u00f5es de or\u00e7amenta\u00e7\u00e3o da Or\u00e7aFascio [&hellip;]\" \/>\n<meta property=\"og:url\" content=\"https:\/\/www.grapho.com.br\/site\/noticia\/estaremos-presente-na-23a-construsul\/\" \/>\n<meta property=\"og:site_name\" content=\"GRAPHO\" \/>\n<meta property=\"article:published_time\" content=\"2022-07-29T19:50:38+00:00\" \/>\n<meta property=\"og:image\" content=\"https:\/\/www.grapho.com.br\/site\/wp-content\/uploads\/2022\/07\/convite-construsul-1024x580.jpg\" \/>\n<meta name=\"twitter:card\" content=\"summary_large_image\" \/>\n<meta name=\"twitter:label1\" content=\"Est. tempo de leitura\">\n\t<meta name=\"twitter:data1\" content=\"1 minuto\">\n<script type=\"application\/ld+json\" class=\"yoast-schema-graph\">{\"@context\":\"https:\/\/schema.org\",\"@graph\":[{\"@type\":\"WebSite\",\"@id\":\"https:\/\/www.grapho.com.br\/site\/#website\",\"url\":\"https:\/\/www.grapho.com.br\/site\/\",\"name\":\"GRAPHO\",\"description\":\"Softwares Autodesk\",\"potentialAction\":[{\"@type\":\"SearchAction\",\"target\":\"https:\/\/www.grapho.com.br\/site\/?s={search_term_string}\",\"query-input\":\"required name=search_term_string\"}],\"inLanguage\":\"pt-BR\"},{\"@type\":\"ImageObject\",\"@id\":\"https:\/\/www.grapho.com.br\/site\/noticia\/estaremos-presente-na-23a-construsul\/#primaryimage\",\"inLanguage\":\"pt-BR\",\"url\":\"https:\/\/www.grapho.com.br\/site\/wp-content\/uploads\/2022\/07\/convite-construsul.jpg\",\"contentUrl\":\"https:\/\/www.grapho.com.br\/site\/wp-content\/uploads\/2022\/07\/convite-construsul.jpg\",\"width\":2214,\"height\":1254},{\"@type\":\"WebPage\",\"@id\":\"https:\/\/www.grapho.com.br\/site\/noticia\/estaremos-presente-na-23a-construsul\/#webpage\",\"url\":\"https:\/\/www.grapho.com.br\/site\/noticia\/estaremos-presente-na-23a-construsul\/\",\"name\":\"Estaremos presente na 23\\u00aa Construsul - GRAPHO\",\"isPartOf\":{\"@id\":\"https:\/\/www.grapho.com.br\/site\/#website\"},\"primaryImageOfPage\":{\"@id\":\"https:\/\/www.grapho.com.br\/site\/noticia\/estaremos-presente-na-23a-construsul\/#primaryimage\"},\"datePublished\":\"2022-07-29T19:50:38+00:00\",\"dateModified\":\"2022-07-29T19:50:38+00:00\",\"author\":{\"@id\":\"https:\/\/www.grapho.com.br\/site\/#\/schema\/person\/0c05b171ca67db866bd20c2fe3dd8a31\"},\"breadcrumb\":{\"@id\":\"https:\/\/www.grapho.com.br\/site\/noticia\/estaremos-presente-na-23a-construsul\/#breadcrumb\"},\"inLanguage\":\"pt-BR\",\"potentialAction\":[{\"@type\":\"ReadAction\",\"target\":[\"https:\/\/www.grapho.com.br\/site\/noticia\/estaremos-presente-na-23a-construsul\/\"]}]},{\"@type\":\"BreadcrumbList\",\"@id\":\"https:\/\/www.grapho.com.br\/site\/noticia\/estaremos-presente-na-23a-construsul\/#breadcrumb\",\"itemListElement\":[{\"@type\":\"ListItem\",\"position\":1,\"item\":{\"@type\":\"WebPage\",\"@id\":\"https:\/\/www.grapho.com.br\/site\/\",\"url\":\"https:\/\/www.grapho.com.br\/site\/\",\"name\":\"In\\u00edcio\"}},{\"@type\":\"ListItem\",\"position\":2,\"item\":{\"@id\":\"https:\/\/www.grapho.com.br\/site\/noticia\/estaremos-presente-na-23a-construsul\/#webpage\"}}]},{\"@type\":\"Person\",\"@id\":\"https:\/\/www.grapho.com.br\/site\/#\/schema\/person\/0c05b171ca67db866bd20c2fe3dd8a31\",\"name\":\"grapho\",\"image\":{\"@type\":\"ImageObject\",\"@id\":\"https:\/\/www.grapho.com.br\/site\/#personlogo\",\"inLanguage\":\"pt-BR\",\"url\":\"https:\/\/secure.gravatar.com\/avatar\/d83f149f7d889c40c9e0773e96c2801a?s=96&d=mm&r=g\",\"contentUrl\":\"https:\/\/secure.gravatar.com\/avatar\/d83f149f7d889c40c9e0773e96c2801a?s=96&d=mm&r=g\",\"caption\":\"grapho\"},\"url\":\"https:\/\/www.grapho.com.br\/site\/noticia\/author\/grapho\/\"}]}<\/script>\n<!-- \/ Yoast SEO plugin. -->","_links":{"self":[{"href":"https:\/\/www.grapho.com.br\/site\/wp-json\/wp\/v2\/posts\/3533"}],"collection":[{"href":"https:\/\/www.grapho.com.br\/site\/wp-json\/wp\/v2\/posts"}],"about":[{"href":"https:\/\/www.grapho.com.br\/site\/wp-json\/wp\/v2\/types\/post"}],"author":[{"embeddable":true,"href":"https:\/\/www.grapho.com.br\/site\/wp-json\/wp\/v2\/users\/2"}],"replies":[{"embeddable":true,"href":"https:\/\/www.grapho.com.br\/site\/wp-json\/wp\/v2\/comments?post=3533"}],"version-history":[{"count":3,"href":"https:\/\/www.grapho.com.br\/site\/wp-json\/wp\/v2\/posts\/3533\/revisions"}],"predecessor-version":[{"id":3537,"href":"https:\/\/www.grapho.com.br\/site\/wp-json\/wp\/v2\/posts\/3533\/revisions\/3537"}],"wp:attachment":[{"href":"https:\/\/www.grapho.com.br\/site\/wp-json\/wp\/v2\/media?parent=3533"}],"wp:term":[{"taxonomy":"category","embeddable":true,"href":"https:\/\/www.grapho.com.br\/site\/wp-json\/wp\/v2\/categories?post=3533"},{"taxonomy":"post_tag","embeddable":true,"href":"https:\/\/www.grapho.com.br\/site\/wp-json\/wp\/v2\/tags?post=3533"}],"curies":[{"name":"wp","href":"https:\/\/api.w.org\/{rel}","templated":true}]}}