{"id":3435,"date":"2022-02-23T12:51:17","date_gmt":"2022-02-23T15:51:17","guid":{"rendered":"https:\/\/www.grapho.com.br\/site\/?p=3435"},"modified":"2022-02-23T12:51:17","modified_gmt":"2022-02-23T15:51:17","slug":"caso-de-sucesso-meber-metais-revitaliza-o-setor-de-engenharia-implantando-o-autodesk-vault-professional","status":"publish","type":"post","link":"https:\/\/www.grapho.com.br\/site\/noticia\/caso-de-sucesso-meber-metais-revitaliza-o-setor-de-engenharia-implantando-o-autodesk-vault-professional\/","title":{"rendered":"Caso de Sucesso: Meber Metais Revitaliza o Setor de Engenharia Implantando o Autodesk Vault Professional"},"content":{"rendered":"<p><strong>Meber Metais Revitaliza o Setor de Engenharia Implantando o Autodesk Vault Professional<\/strong><\/p>\n<div class=\"field field--name-field-pss-customer-challenge field--type-string-long field--label-hidden field__item\">\n<p>&nbsp;<\/p>\n<p><img loading=\"lazy\" class=\"size-medium wp-image-3429 alignleft\" src=\"https:\/\/www.grapho.com.br\/site\/wp-content\/uploads\/2022\/02\/logo-meber-300x167.png\" alt=\"\" width=\"300\" height=\"167\" srcset=\"https:\/\/www.grapho.com.br\/site\/wp-content\/uploads\/2022\/02\/logo-meber-300x167.png 300w, https:\/\/www.grapho.com.br\/site\/wp-content\/uploads\/2022\/02\/logo-meber.png 337w\" sizes=\"(max-width: 300px) 100vw, 300px\" \/><\/p>\n<p>Fundada em 1961, na cidade ga\u00facha de Bento Gon\u00e7alves, a Meber vem construindo, ao longo de seis d\u00e9cadas, uma hist\u00f3ria com centenas de conquistas \u2013 entre elas a consolida\u00e7\u00e3o de posi\u00e7\u00e3o relevante no cen\u00e1rio nacional, como uma das cinco\u00a0 \u00a0 \u00a0principais fabricantes brasileiras de metais. No Rio Grande do Sul, \u00e9 a marca l\u00edder em vendas e presen\u00e7a no\u00a0 \u00a0segmento da constru\u00e7\u00e3o civil.<\/p>\n<p>Em 2021, quando completou 60 anos, a Meber passou por algumas revitaliza\u00e7\u00f5es dentro do setor de engenharia,\u00a0 \u00a0onde foi definido alterar todo o ciclo de vida dos produtos utilizando o Autodesk Vault Professional, para uma\u00a0 \u00a0 \u00a0nova\u00a0 padroniza\u00e7\u00e3o atendendo as novas\u00a0 demandas.<\/p>\n<p>A Meber necessitava agilizar os processos dentro da engenharia, reduzir os riscos de erros e aumentar a\u00a0 \u00a0produtividade.\u00a0 A equipe da GRAPHO, que possui s\u00f3lida parceria com a Meber h\u00e1 mais de 20 anos, auxiliou o\u00a0 \u00a0cliente desde o inicio do projeto, prestando toda a consultoria e treinamento necess\u00e1rios para o sucesso da\u00a0 \u00a0implanta\u00e7\u00e3o.<\/p>\n<p>Um dos objetivos das melhorias na engenharia era a atualiza\u00e7\u00e3o dos templates (normatiza\u00e7\u00e3o) da documenta\u00e7\u00e3o\u00a0 \u00a02D. Com o Vault Professional, o ch\u00e3o de f\u00e1brica consegue acessar os arquivos liberados atrav\u00e9s do Vault Thin\u00a0 \u00a0Client. E a gera\u00e7\u00e3o de document<\/p>\n<p>Com isso, a Meber conseguiu atingir os resultados que buscava em uma solu\u00e7\u00e3o que se integrasse as demais\u00a0 \u00a0solu\u00e7\u00f5es que ele j\u00e1 utilizava como o Autodesk Inventor.os em PDF baseado no ciclo de vida. Facilitando a comunica\u00e7\u00e3o entre os setores.<\/p>\n<p>Abaixo confira alguns produtos da Meber projetado nos Softwares Autodesk.<\/p>\n<p><img loading=\"lazy\" class=\"size-medium wp-image-3428 alignleft\" src=\"https:\/\/www.grapho.com.br\/site\/wp-content\/uploads\/2022\/02\/imagem_3-190x300.jpg\" alt=\"\" width=\"190\" height=\"300\" srcset=\"https:\/\/www.grapho.com.br\/site\/wp-content\/uploads\/2022\/02\/imagem_3-190x300.jpg 190w, https:\/\/www.grapho.com.br\/site\/wp-content\/uploads\/2022\/02\/imagem_3.jpg 361w\" sizes=\"(max-width: 190px) 100vw, 190px\" \/> <img loading=\"lazy\" class=\"size-medium wp-image-3426 alignright\" src=\"https:\/\/www.grapho.com.br\/site\/wp-content\/uploads\/2022\/02\/imagem_1-195x300.jpg\" alt=\"\" width=\"195\" height=\"300\" srcset=\"https:\/\/www.grapho.com.br\/site\/wp-content\/uploads\/2022\/02\/imagem_1-195x300.jpg 195w, https:\/\/www.grapho.com.br\/site\/wp-content\/uploads\/2022\/02\/imagem_1.jpg 311w\" sizes=\"(max-width: 195px) 100vw, 195px\" \/><\/p>\n<\/div>\n<p>&nbsp;<\/p>\n<p>&nbsp;<\/p>\n<p>&nbsp;<\/p>\n<p>&nbsp;<\/p>\n<p>&nbsp;<\/p>\n<p>&nbsp;<\/p>\n<p>&nbsp;<\/p>\n<p>Imagens cedidas pelo cliente<\/p>\n","protected":false},"excerpt":{"rendered":"<p>Meber Metais Revitaliza o Setor de Engenharia Implantando o Autodesk Vault Professional &nbsp; Fundada em 1961, na cidade ga\u00facha de Bento Gon\u00e7alves, a Meber vem construindo, ao longo de seis d\u00e9cadas, uma hist\u00f3ria com centenas de conquistas \u2013 entre elas a consolida\u00e7\u00e3o de posi\u00e7\u00e3o relevante no cen\u00e1rio nacional, como uma das cinco\u00a0 \u00a0 \u00a0principais fabricantes [&hellip;]<\/p>\n","protected":false},"author":2,"featured_media":0,"comment_status":"closed","ping_status":"closed","sticky":false,"template":"","format":"standard","meta":[],"categories":[76],"tags":[],"yoast_head":"<!-- This site is optimized with the Yoast SEO plugin v16.3 - https:\/\/yoast.com\/wordpress\/plugins\/seo\/ -->\n<title>Caso de Sucesso: Meber Metais Revitaliza o Setor de Engenharia Implantando o Autodesk Vault Professional - GRAPHO<\/title>\n<meta name=\"description\" content=\"Meber Metais Revitaliza o Setor de Engenharia Implantando o Autodesk Vault Professional.\" \/>\n<meta name=\"robots\" content=\"index, follow, max-snippet:-1, max-image-preview:large, max-video-preview:-1\" \/>\n<link rel=\"canonical\" href=\"https:\/\/www.grapho.com.br\/site\/noticia\/caso-de-sucesso-meber-metais-revitaliza-o-setor-de-engenharia-implantando-o-autodesk-vault-professional\/\" \/>\n<meta property=\"og:locale\" content=\"pt_BR\" \/>\n<meta property=\"og:type\" content=\"article\" \/>\n<meta property=\"og:title\" content=\"Caso de Sucesso: Meber Metais Revitaliza o Setor de Engenharia Implantando o Autodesk Vault Professional - GRAPHO\" \/>\n<meta property=\"og:description\" content=\"Meber Metais Revitaliza o Setor de Engenharia Implantando o Autodesk Vault Professional.\" \/>\n<meta property=\"og:url\" content=\"https:\/\/www.grapho.com.br\/site\/noticia\/caso-de-sucesso-meber-metais-revitaliza-o-setor-de-engenharia-implantando-o-autodesk-vault-professional\/\" \/>\n<meta property=\"og:site_name\" content=\"GRAPHO\" \/>\n<meta property=\"article:published_time\" content=\"2022-02-23T15:51:17+00:00\" \/>\n<meta property=\"og:image\" content=\"https:\/\/www.grapho.com.br\/site\/wp-content\/uploads\/2022\/02\/logo-meber-300x167.png\" \/>\n<meta name=\"twitter:card\" content=\"summary_large_image\" \/>\n<meta name=\"twitter:label1\" content=\"Est. tempo de leitura\">\n\t<meta name=\"twitter:data1\" content=\"2 minutos\">\n<script type=\"application\/ld+json\" class=\"yoast-schema-graph\">{\"@context\":\"https:\/\/schema.org\",\"@graph\":[{\"@type\":\"WebSite\",\"@id\":\"https:\/\/www.grapho.com.br\/site\/#website\",\"url\":\"https:\/\/www.grapho.com.br\/site\/\",\"name\":\"GRAPHO\",\"description\":\"Softwares Autodesk\",\"potentialAction\":[{\"@type\":\"SearchAction\",\"target\":\"https:\/\/www.grapho.com.br\/site\/?s={search_term_string}\",\"query-input\":\"required name=search_term_string\"}],\"inLanguage\":\"pt-BR\"},{\"@type\":\"ImageObject\",\"@id\":\"https:\/\/www.grapho.com.br\/site\/noticia\/caso-de-sucesso-meber-metais-revitaliza-o-setor-de-engenharia-implantando-o-autodesk-vault-professional\/#primaryimage\",\"inLanguage\":\"pt-BR\",\"url\":\"https:\/\/www.grapho.com.br\/site\/wp-content\/uploads\/2022\/02\/logo-meber.png\",\"contentUrl\":\"https:\/\/www.grapho.com.br\/site\/wp-content\/uploads\/2022\/02\/logo-meber.png\",\"width\":337,\"height\":188},{\"@type\":\"WebPage\",\"@id\":\"https:\/\/www.grapho.com.br\/site\/noticia\/caso-de-sucesso-meber-metais-revitaliza-o-setor-de-engenharia-implantando-o-autodesk-vault-professional\/#webpage\",\"url\":\"https:\/\/www.grapho.com.br\/site\/noticia\/caso-de-sucesso-meber-metais-revitaliza-o-setor-de-engenharia-implantando-o-autodesk-vault-professional\/\",\"name\":\"Caso de Sucesso: Meber Metais Revitaliza o Setor de Engenharia Implantando o Autodesk Vault Professional - GRAPHO\",\"isPartOf\":{\"@id\":\"https:\/\/www.grapho.com.br\/site\/#website\"},\"primaryImageOfPage\":{\"@id\":\"https:\/\/www.grapho.com.br\/site\/noticia\/caso-de-sucesso-meber-metais-revitaliza-o-setor-de-engenharia-implantando-o-autodesk-vault-professional\/#primaryimage\"},\"datePublished\":\"2022-02-23T15:51:17+00:00\",\"dateModified\":\"2022-02-23T15:51:17+00:00\",\"author\":{\"@id\":\"https:\/\/www.grapho.com.br\/site\/#\/schema\/person\/0c05b171ca67db866bd20c2fe3dd8a31\"},\"description\":\"Meber Metais Revitaliza o Setor de Engenharia Implantando o Autodesk Vault Professional.\",\"breadcrumb\":{\"@id\":\"https:\/\/www.grapho.com.br\/site\/noticia\/caso-de-sucesso-meber-metais-revitaliza-o-setor-de-engenharia-implantando-o-autodesk-vault-professional\/#breadcrumb\"},\"inLanguage\":\"pt-BR\",\"potentialAction\":[{\"@type\":\"ReadAction\",\"target\":[\"https:\/\/www.grapho.com.br\/site\/noticia\/caso-de-sucesso-meber-metais-revitaliza-o-setor-de-engenharia-implantando-o-autodesk-vault-professional\/\"]}]},{\"@type\":\"BreadcrumbList\",\"@id\":\"https:\/\/www.grapho.com.br\/site\/noticia\/caso-de-sucesso-meber-metais-revitaliza-o-setor-de-engenharia-implantando-o-autodesk-vault-professional\/#breadcrumb\",\"itemListElement\":[{\"@type\":\"ListItem\",\"position\":1,\"item\":{\"@type\":\"WebPage\",\"@id\":\"https:\/\/www.grapho.com.br\/site\/\",\"url\":\"https:\/\/www.grapho.com.br\/site\/\",\"name\":\"In\\u00edcio\"}},{\"@type\":\"ListItem\",\"position\":2,\"item\":{\"@id\":\"https:\/\/www.grapho.com.br\/site\/noticia\/caso-de-sucesso-meber-metais-revitaliza-o-setor-de-engenharia-implantando-o-autodesk-vault-professional\/#webpage\"}}]},{\"@type\":\"Person\",\"@id\":\"https:\/\/www.grapho.com.br\/site\/#\/schema\/person\/0c05b171ca67db866bd20c2fe3dd8a31\",\"name\":\"grapho\",\"image\":{\"@type\":\"ImageObject\",\"@id\":\"https:\/\/www.grapho.com.br\/site\/#personlogo\",\"inLanguage\":\"pt-BR\",\"url\":\"https:\/\/secure.gravatar.com\/avatar\/d83f149f7d889c40c9e0773e96c2801a?s=96&d=mm&r=g\",\"contentUrl\":\"https:\/\/secure.gravatar.com\/avatar\/d83f149f7d889c40c9e0773e96c2801a?s=96&d=mm&r=g\",\"caption\":\"grapho\"},\"url\":\"https:\/\/www.grapho.com.br\/site\/noticia\/author\/grapho\/\"}]}<\/script>\n<!-- \/ Yoast SEO plugin. -->","_links":{"self":[{"href":"https:\/\/www.grapho.com.br\/site\/wp-json\/wp\/v2\/posts\/3435"}],"collection":[{"href":"https:\/\/www.grapho.com.br\/site\/wp-json\/wp\/v2\/posts"}],"about":[{"href":"https:\/\/www.grapho.com.br\/site\/wp-json\/wp\/v2\/types\/post"}],"author":[{"embeddable":true,"href":"https:\/\/www.grapho.com.br\/site\/wp-json\/wp\/v2\/users\/2"}],"replies":[{"embeddable":true,"href":"https:\/\/www.grapho.com.br\/site\/wp-json\/wp\/v2\/comments?post=3435"}],"version-history":[{"count":1,"href":"https:\/\/www.grapho.com.br\/site\/wp-json\/wp\/v2\/posts\/3435\/revisions"}],"predecessor-version":[{"id":3436,"href":"https:\/\/www.grapho.com.br\/site\/wp-json\/wp\/v2\/posts\/3435\/revisions\/3436"}],"wp:attachment":[{"href":"https:\/\/www.grapho.com.br\/site\/wp-json\/wp\/v2\/media?parent=3435"}],"wp:term":[{"taxonomy":"category","embeddable":true,"href":"https:\/\/www.grapho.com.br\/site\/wp-json\/wp\/v2\/categories?post=3435"},{"taxonomy":"post_tag","embeddable":true,"href":"https:\/\/www.grapho.com.br\/site\/wp-json\/wp\/v2\/tags?post=3435"}],"curies":[{"name":"wp","href":"https:\/\/api.w.org\/{rel}","templated":true}]}}