{"id":1259,"date":"2019-11-21T04:46:03","date_gmt":"2019-11-21T07:46:03","guid":{"rendered":"http:\/\/wpdemo.archiwp.com\/onum\/?p=1259"},"modified":"2021-03-24T16:51:21","modified_gmt":"2021-03-24T19:51:21","slug":"promocao-dolar-congelado-adobe","status":"publish","type":"post","link":"https:\/\/www.grapho.com.br\/site\/noticia\/promocao-dolar-congelado-adobe\/","title":{"rendered":"Promo\u00e7\u00e3o D\u00f3lar Congelado Adobe"},"content":{"rendered":"<p>Termos e condi\u00e7\u00f5es da Promo\u00e7\u00e3o D\u00f3lar fixo \u00e0 R$ 4,50; Somente dentro de VIP, nas linhas \u201cFor Teams\u201d, excluindo-se produtos linha Enterprise (Creative Cloud for Enterprise e Acrobat Pro DC for Enterprise e toda a linha de Adobe Sign, por exemplo); N\u00e3o v\u00e1lido para Share Device License \u2013 Educacional; Pode ser suspenso caso a taxa de Adobe.com seja alterada e\/ou o D\u00f3lar Ptax oficial supere a barreira de R$ 6,00\/d\u00f3lar; V\u00e1lido nos segmentos Comercial, Educacional e Governo. V\u00e1lido at\u00e9 30\/09\/20. Adobe se reserva o direito de cancelar o desconto sem aviso pr\u00e9vio, respeitando as cota\u00e7\u00f5es vigentes antes de qualquer altera\u00e7\u00e3o.<\/p>\n","protected":false},"excerpt":{"rendered":"<p>Termos e condi\u00e7\u00f5es da Promo\u00e7\u00e3o D\u00f3lar fixo \u00e0 R$ 4,50; Somente dentro de VIP, nas linhas \u201cFor Teams\u201d, excluindo-se produtos linha Enterprise (Creative Cloud for Enterprise e Acrobat Pro DC for Enterprise e toda a linha de Adobe Sign, por exemplo);<\/p>\n","protected":false},"author":2,"featured_media":2348,"comment_status":"closed","ping_status":"closed","sticky":false,"template":"","format":"standard","meta":[],"categories":[9],"tags":[16,17],"yoast_head":"<!-- This site is optimized with the Yoast SEO plugin v16.3 - https:\/\/yoast.com\/wordpress\/plugins\/seo\/ -->\n<title>Promo\u00e7\u00e3o D\u00f3lar Congelado Adobe - GRAPHO<\/title>\n<meta name=\"robots\" content=\"index, follow, max-snippet:-1, max-image-preview:large, max-video-preview:-1\" \/>\n<link rel=\"canonical\" href=\"https:\/\/www.grapho.com.br\/site\/noticia\/promocao-dolar-congelado-adobe\/\" \/>\n<meta property=\"og:locale\" content=\"pt_BR\" \/>\n<meta property=\"og:type\" content=\"article\" \/>\n<meta property=\"og:title\" content=\"Promo\u00e7\u00e3o D\u00f3lar Congelado Adobe - GRAPHO\" \/>\n<meta property=\"og:description\" content=\"Termos e condi\u00e7\u00f5es da Promo\u00e7\u00e3o D\u00f3lar fixo \u00e0 R$ 4,50; Somente dentro de VIP, nas linhas \u201cFor Teams\u201d, excluindo-se produtos linha Enterprise (Creative Cloud for Enterprise e Acrobat Pro DC for Enterprise e toda a linha de Adobe Sign, por exemplo);\" \/>\n<meta property=\"og:url\" content=\"https:\/\/www.grapho.com.br\/site\/noticia\/promocao-dolar-congelado-adobe\/\" \/>\n<meta property=\"og:site_name\" content=\"GRAPHO\" \/>\n<meta property=\"article:published_time\" content=\"2019-11-21T07:46:03+00:00\" \/>\n<meta property=\"article:modified_time\" content=\"2021-03-24T19:51:21+00:00\" \/>\n<meta property=\"og:image\" content=\"https:\/\/www.grapho.com.br\/site\/wp-content\/uploads\/2019\/11\/blog4.jpg\" \/>\n\t<meta property=\"og:image:width\" content=\"870\" \/>\n\t<meta property=\"og:image:height\" content=\"520\" \/>\n<meta name=\"twitter:card\" content=\"summary_large_image\" \/>\n<meta name=\"twitter:label1\" content=\"Est. tempo de leitura\">\n\t<meta name=\"twitter:data1\" content=\"1 minuto\">\n<script type=\"application\/ld+json\" class=\"yoast-schema-graph\">{\"@context\":\"https:\/\/schema.org\",\"@graph\":[{\"@type\":\"WebSite\",\"@id\":\"https:\/\/www.grapho.com.br\/site\/#website\",\"url\":\"https:\/\/www.grapho.com.br\/site\/\",\"name\":\"GRAPHO\",\"description\":\"Softwares Autodesk\",\"potentialAction\":[{\"@type\":\"SearchAction\",\"target\":\"https:\/\/www.grapho.com.br\/site\/?s={search_term_string}\",\"query-input\":\"required name=search_term_string\"}],\"inLanguage\":\"pt-BR\"},{\"@type\":\"ImageObject\",\"@id\":\"https:\/\/www.grapho.com.br\/site\/noticia\/promocao-dolar-congelado-adobe\/#primaryimage\",\"inLanguage\":\"pt-BR\",\"url\":\"https:\/\/www.grapho.com.br\/site\/wp-content\/uploads\/2019\/11\/blog4.jpg\",\"contentUrl\":\"https:\/\/www.grapho.com.br\/site\/wp-content\/uploads\/2019\/11\/blog4.jpg\",\"width\":870,\"height\":520},{\"@type\":\"WebPage\",\"@id\":\"https:\/\/www.grapho.com.br\/site\/noticia\/promocao-dolar-congelado-adobe\/#webpage\",\"url\":\"https:\/\/www.grapho.com.br\/site\/noticia\/promocao-dolar-congelado-adobe\/\",\"name\":\"Promo\\u00e7\\u00e3o D\\u00f3lar Congelado Adobe - GRAPHO\",\"isPartOf\":{\"@id\":\"https:\/\/www.grapho.com.br\/site\/#website\"},\"primaryImageOfPage\":{\"@id\":\"https:\/\/www.grapho.com.br\/site\/noticia\/promocao-dolar-congelado-adobe\/#primaryimage\"},\"datePublished\":\"2019-11-21T07:46:03+00:00\",\"dateModified\":\"2021-03-24T19:51:21+00:00\",\"author\":{\"@id\":\"https:\/\/www.grapho.com.br\/site\/#\/schema\/person\/0c05b171ca67db866bd20c2fe3dd8a31\"},\"breadcrumb\":{\"@id\":\"https:\/\/www.grapho.com.br\/site\/noticia\/promocao-dolar-congelado-adobe\/#breadcrumb\"},\"inLanguage\":\"pt-BR\",\"potentialAction\":[{\"@type\":\"ReadAction\",\"target\":[\"https:\/\/www.grapho.com.br\/site\/noticia\/promocao-dolar-congelado-adobe\/\"]}]},{\"@type\":\"BreadcrumbList\",\"@id\":\"https:\/\/www.grapho.com.br\/site\/noticia\/promocao-dolar-congelado-adobe\/#breadcrumb\",\"itemListElement\":[{\"@type\":\"ListItem\",\"position\":1,\"item\":{\"@type\":\"WebPage\",\"@id\":\"https:\/\/www.grapho.com.br\/site\/\",\"url\":\"https:\/\/www.grapho.com.br\/site\/\",\"name\":\"In\\u00edcio\"}},{\"@type\":\"ListItem\",\"position\":2,\"item\":{\"@id\":\"https:\/\/www.grapho.com.br\/site\/noticia\/promocao-dolar-congelado-adobe\/#webpage\"}}]},{\"@type\":\"Person\",\"@id\":\"https:\/\/www.grapho.com.br\/site\/#\/schema\/person\/0c05b171ca67db866bd20c2fe3dd8a31\",\"name\":\"grapho\",\"image\":{\"@type\":\"ImageObject\",\"@id\":\"https:\/\/www.grapho.com.br\/site\/#personlogo\",\"inLanguage\":\"pt-BR\",\"url\":\"https:\/\/secure.gravatar.com\/avatar\/d83f149f7d889c40c9e0773e96c2801a?s=96&d=mm&r=g\",\"contentUrl\":\"https:\/\/secure.gravatar.com\/avatar\/d83f149f7d889c40c9e0773e96c2801a?s=96&d=mm&r=g\",\"caption\":\"grapho\"},\"url\":\"https:\/\/www.grapho.com.br\/site\/noticia\/author\/grapho\/\"}]}<\/script>\n<!-- \/ Yoast SEO plugin. -->","_links":{"self":[{"href":"https:\/\/www.grapho.com.br\/site\/wp-json\/wp\/v2\/posts\/1259"}],"collection":[{"href":"https:\/\/www.grapho.com.br\/site\/wp-json\/wp\/v2\/posts"}],"about":[{"href":"https:\/\/www.grapho.com.br\/site\/wp-json\/wp\/v2\/types\/post"}],"author":[{"embeddable":true,"href":"https:\/\/www.grapho.com.br\/site\/wp-json\/wp\/v2\/users\/2"}],"replies":[{"embeddable":true,"href":"https:\/\/www.grapho.com.br\/site\/wp-json\/wp\/v2\/comments?post=1259"}],"version-history":[{"count":2,"href":"https:\/\/www.grapho.com.br\/site\/wp-json\/wp\/v2\/posts\/1259\/revisions"}],"predecessor-version":[{"id":3219,"href":"https:\/\/www.grapho.com.br\/site\/wp-json\/wp\/v2\/posts\/1259\/revisions\/3219"}],"wp:featuredmedia":[{"embeddable":true,"href":"https:\/\/www.grapho.com.br\/site\/wp-json\/wp\/v2\/media\/2348"}],"wp:attachment":[{"href":"https:\/\/www.grapho.com.br\/site\/wp-json\/wp\/v2\/media?parent=1259"}],"wp:term":[{"taxonomy":"category","embeddable":true,"href":"https:\/\/www.grapho.com.br\/site\/wp-json\/wp\/v2\/categories?post=1259"},{"taxonomy":"post_tag","embeddable":true,"href":"https:\/\/www.grapho.com.br\/site\/wp-json\/wp\/v2\/tags?post=1259"}],"curies":[{"name":"wp","href":"https:\/\/api.w.org\/{rel}","templated":true}]}}